{"id":43042,"date":"2024-06-18T11:16:07","date_gmt":"2024-06-18T10:16:07","guid":{"rendered":"https:\/\/tintas2000.pt\/home\/?p=43042"},"modified":"2024-07-08T11:48:16","modified_gmt":"2024-07-08T10:48:16","slug":"convivio-de-verao-grupo-tintas-2000-um-dia-de-alegria-e-uniao","status":"publish","type":"post","link":"https:\/\/tintas2000.pt\/home\/convivio-de-verao-grupo-tintas-2000-um-dia-de-alegria-e-uniao\/","title":{"rendered":"Conv\u00edvio do Grupo Tintas 2000"},"content":{"rendered":"\t\t<div data-elementor-type=\"wp-post\" data-elementor-id=\"43042\" class=\"elementor elementor-43042\" data-elementor-post-type=\"post\">\n\t\t\t\t<div class=\"elementor-element elementor-element-248a613 e-flex e-con-boxed e-con e-parent\" data-id=\"248a613\" data-element_type=\"container\" data-e-type=\"container\">\n\t\t\t\t\t<div class=\"e-con-inner\">\n\t\t<div class=\"elementor-element elementor-element-0ce7ed0 e-con-full e-flex e-con e-child\" data-id=\"0ce7ed0\" data-element_type=\"container\" data-e-type=\"container\">\n\t\t\t\t<div class=\"elementor-element elementor-element-64a6640 elementor-widget elementor-widget-image\" data-id=\"64a6640\" data-element_type=\"widget\" data-e-type=\"widget\" data-widget_type=\"image.default\">\n\t\t\t\t<div class=\"elementor-widget-container\">\n\t\t\t\t\t\t\t\t\t\t\t\t\t\t\t<img fetchpriority=\"high\" decoding=\"async\" width=\"800\" height=\"534\" src=\"https:\/\/tintas2000.pt\/home\/wp-content\/uploads\/2024\/06\/1-1.jpg\" class=\"attachment-large size-large wp-image-43046\" alt=\"\" srcset=\"https:\/\/tintas2000.pt\/home\/wp-content\/uploads\/2024\/06\/1-1.jpg 1024w, https:\/\/tintas2000.pt\/home\/wp-content\/uploads\/2024\/06\/1-1-300x200.jpg 300w, https:\/\/tintas2000.pt\/home\/wp-content\/uploads\/2024\/06\/1-1-768x512.jpg 768w, https:\/\/tintas2000.pt\/home\/wp-content\/uploads\/2024\/06\/1-1-600x400.jpg 600w\" sizes=\"(max-width: 800px) 100vw, 800px\" \/>\t\t\t\t\t\t\t\t\t\t\t\t\t\t\t<\/div>\n\t\t\t\t<\/div>\n\t\t\t\t<\/div>\n\t\t<div class=\"elementor-element elementor-element-1fed806 e-con-full e-flex e-con e-child\" data-id=\"1fed806\" data-element_type=\"container\" data-e-type=\"container\">\n\t\t\t\t<div class=\"elementor-element elementor-element-a47ea71 elementor-widget elementor-widget-image\" data-id=\"a47ea71\" data-element_type=\"widget\" data-e-type=\"widget\" data-widget_type=\"image.default\">\n\t\t\t\t<div class=\"elementor-widget-container\">\n\t\t\t\t\t\t\t\t\t\t\t\t\t\t\t<img decoding=\"async\" width=\"800\" height=\"534\" src=\"https:\/\/tintas2000.pt\/home\/wp-content\/uploads\/2024\/06\/2-1.jpg\" class=\"attachment-large size-large wp-image-43047\" alt=\"\" srcset=\"https:\/\/tintas2000.pt\/home\/wp-content\/uploads\/2024\/06\/2-1.jpg 1024w, https:\/\/tintas2000.pt\/home\/wp-content\/uploads\/2024\/06\/2-1-300x200.jpg 300w, https:\/\/tintas2000.pt\/home\/wp-content\/uploads\/2024\/06\/2-1-768x512.jpg 768w, https:\/\/tintas2000.pt\/home\/wp-content\/uploads\/2024\/06\/2-1-600x400.jpg 600w\" sizes=\"(max-width: 800px) 100vw, 800px\" \/>\t\t\t\t\t\t\t\t\t\t\t\t\t\t\t<\/div>\n\t\t\t\t<\/div>\n\t\t\t\t<\/div>\n\t\t<div class=\"elementor-element elementor-element-0897a23 e-con-full e-flex e-con e-child\" data-id=\"0897a23\" data-element_type=\"container\" data-e-type=\"container\">\n\t\t\t\t<div class=\"elementor-element elementor-element-1532d19 elementor-widget elementor-widget-image\" data-id=\"1532d19\" data-element_type=\"widget\" data-e-type=\"widget\" data-widget_type=\"image.default\">\n\t\t\t\t<div class=\"elementor-widget-container\">\n\t\t\t\t\t\t\t\t\t\t\t\t\t\t\t<img decoding=\"async\" width=\"800\" height=\"534\" src=\"https:\/\/tintas2000.pt\/home\/wp-content\/uploads\/2024\/06\/3-1.jpg\" class=\"attachment-large size-large wp-image-43048\" alt=\"\" srcset=\"https:\/\/tintas2000.pt\/home\/wp-content\/uploads\/2024\/06\/3-1.jpg 1024w, https:\/\/tintas2000.pt\/home\/wp-content\/uploads\/2024\/06\/3-1-300x200.jpg 300w, https:\/\/tintas2000.pt\/home\/wp-content\/uploads\/2024\/06\/3-1-768x512.jpg 768w, https:\/\/tintas2000.pt\/home\/wp-content\/uploads\/2024\/06\/3-1-600x400.jpg 600w\" sizes=\"(max-width: 800px) 100vw, 800px\" \/>\t\t\t\t\t\t\t\t\t\t\t\t\t\t\t<\/div>\n\t\t\t\t<\/div>\n\t\t\t\t<\/div>\n\t\t<div class=\"elementor-element elementor-element-7df3bad e-con-full e-flex e-con e-child\" data-id=\"7df3bad\" data-element_type=\"container\" data-e-type=\"container\">\n\t\t\t\t<div class=\"elementor-element elementor-element-44f1ed0 elementor-widget elementor-widget-image\" data-id=\"44f1ed0\" data-element_type=\"widget\" data-e-type=\"widget\" data-widget_type=\"image.default\">\n\t\t\t\t<div class=\"elementor-widget-container\">\n\t\t\t\t\t\t\t\t\t\t\t\t\t\t\t<img loading=\"lazy\" decoding=\"async\" width=\"800\" height=\"534\" src=\"https:\/\/tintas2000.pt\/home\/wp-content\/uploads\/2024\/06\/4-1.jpg\" class=\"attachment-large size-large wp-image-43049\" alt=\"\" srcset=\"https:\/\/tintas2000.pt\/home\/wp-content\/uploads\/2024\/06\/4-1.jpg 1024w, https:\/\/tintas2000.pt\/home\/wp-content\/uploads\/2024\/06\/4-1-300x200.jpg 300w, https:\/\/tintas2000.pt\/home\/wp-content\/uploads\/2024\/06\/4-1-768x512.jpg 768w, https:\/\/tintas2000.pt\/home\/wp-content\/uploads\/2024\/06\/4-1-600x400.jpg 600w\" sizes=\"(max-width: 800px) 100vw, 800px\" \/>\t\t\t\t\t\t\t\t\t\t\t\t\t\t\t<\/div>\n\t\t\t\t<\/div>\n\t\t\t\t<\/div>\n\t\t\t\t\t<\/div>\n\t\t\t\t<\/div>\n\t\t<div class=\"elementor-element elementor-element-13c0ff18 e-flex e-con-boxed e-con e-parent\" data-id=\"13c0ff18\" data-element_type=\"container\" data-e-type=\"container\">\n\t\t\t\t\t<div class=\"e-con-inner\">\n\t\t\t\t<div class=\"elementor-element elementor-element-59283c88 elementor-widget elementor-widget-text-editor\" data-id=\"59283c88\" data-element_type=\"widget\" data-e-type=\"widget\" data-widget_type=\"text-editor.default\">\n\t\t\t\t<div class=\"elementor-widget-container\">\n\t\t\t\t\t\t\t\t\t\n<p>O Conv\u00edvio do Grupo Tintas 2000, realizado no dia 15 de junho de 2024, foi um sucesso marcado por momentos de alegria e uni\u00e3o. O evento ocorreu no Parque do Santu\u00e1rio de S\u00e3o Caetano de Ervededo, em Chaves, onde reuniu mais de 2.000 pessoas, entre colaboradores das empresas do Grupo Tintas 2000, familiares, clientes e outros parceiros de neg\u00f3cios. Contou tamb\u00e9m com a presen\u00e7a do Vice-Presidente da C\u00e2mara Municipal de Chaves, Dr. Francisco Melo, que refor\u00e7ou a import\u00e2ncia da iniciativa para a comunidade local.<\/p>\n\n\n\n<p>O evento come\u00e7ou \u00e0s 14h30, sendo os convidados recebidos com a atua\u00e7\u00e3o do grupo Aliados na Concertina, seguindo-se uma Missa Campal, presidida pelo Bispo de Vila Real, D. Ant\u00f3nio Azevedo. No final da liturgia o Sr. Ant\u00f3nio Ambr\u00f3sio, Presidente do Grupo Tintas 2000, foi homenageado passando a integrar o \u201cMural de Benfeitores\u201d do parque.<\/p>\n\n\n\n<p>Ao longo da tarde e da noite, a anima\u00e7\u00e3o esteve a cargo do Grupo de Dan\u00e7as e Cantares Regionais de Santo Estev\u00e3o, do grupo Aliados na Concertina, do Grupo Cultural de Valpa\u00e7os \u2013 S\u00f3 Tocar, do m\u00e1gico Nuno Rodrigues e da Orquestra Magma.<\/p>\n\n\n\n<p>N\u00e3o faltaram tamb\u00e9m os jogos tradicionais, jogo da malha, jogo da corda, corrida de sacos, acerta na lata e at\u00e9 um touro mec\u00e2nico.<\/p>\n\n\n\n<p>Agradecemos a todos que compareceram e contribu\u00edram para tornar este evento t\u00e3o especial. O esp\u00edrito de equipa e a camaradagem presentes no conv\u00edvio s\u00e3o reflexos da cultura que cultivamos no Grupo Tintas 2000.<\/p>\n\n\n\n<p>Obrigado a todos por fazerem parte da fam\u00edlia Tintas 2000! Em 2025, contamos convosco para o Conv\u00edvio no Algarve.<\/p>\n\n\n\n<p><a href=\"https:\/\/drive.google.com\/drive\/folders\/1XTFatRSsj2iYoE_I9E-lB9hvGIFBJGyY?usp=sharing\">Link das fotografias<\/a><\/p>\n\t\t\t\t\t\t\t\t<\/div>\n\t\t\t\t<\/div>\n\t\t\t\t\t<\/div>\n\t\t\t\t<\/div>\n\t\t<div class=\"elementor-element elementor-element-d91dae9 e-flex e-con-boxed e-con e-parent\" data-id=\"d91dae9\" data-element_type=\"container\" data-e-type=\"container\">\n\t\t\t\t\t<div class=\"e-con-inner\">\n\t\t\t\t<div class=\"elementor-element elementor-element-ba2b2cc elementor-widget elementor-widget-html\" data-id=\"ba2b2cc\" data-element_type=\"widget\" data-e-type=\"widget\" data-widget_type=\"html.default\">\n\t\t\t\t<div class=\"elementor-widget-container\">\n\t\t\t\t\t<iframe title=\"YouTube video player\" src=\"https:\/\/www.youtube.com\/embed\/RF4ew91VNrc?si=Nkcs4XB6kdXqFRvj\" width=\"560\" height=\"460\" frameborder=\"0\" allowfullscreen=\"allowfullscreen\"><\/iframe>\r\n\t\t\t\t<\/div>\n\t\t\t\t<\/div>\n\t\t\t\t\t<\/div>\n\t\t\t\t<\/div>\n\t\t\t\t<\/div>\n\t\t","protected":false},"excerpt":{"rendered":"<p>O Conv\u00edvio do Grupo Tintas 2000, realizado no dia 15 de junho de 2024, foi um sucesso marcado por momentos de alegria e uni\u00e3o. O evento ocorreu no Parque do Santu\u00e1rio de S\u00e3o Caetano de Ervededo, em Chaves, onde reuniu mais de 2.000 pessoas, entre colaboradores das empresas do Grupo Tintas 2000, familiares, clientes e [&hellip;]<\/p>\n","protected":false},"author":1,"featured_media":43043,"comment_status":"open","ping_status":"open","sticky":false,"template":"","format":"standard","meta":{"_acf_changed":false,"footnotes":""},"categories":[534],"tags":[],"class_list":["post-43042","post","type-post","status-publish","format-standard","has-post-thumbnail","hentry","category-eventos"],"acf":[],"yoast_head":"<!-- This site is optimized with the Yoast SEO plugin v27.5 - https:\/\/yoast.com\/product\/yoast-seo-wordpress\/ -->\n<title>Conv\u00edvio do Grupo Tintas 2000 - Tintas 2000<\/title>\n<meta name=\"robots\" content=\"index, follow, max-snippet:-1, max-image-preview:large, max-video-preview:-1\" \/>\n<link rel=\"canonical\" href=\"https:\/\/tintas2000.pt\/home\/convivio-de-verao-grupo-tintas-2000-um-dia-de-alegria-e-uniao\/\" \/>\n<meta property=\"og:locale\" content=\"pt_PT\" \/>\n<meta property=\"og:type\" content=\"article\" \/>\n<meta property=\"og:title\" content=\"Conv\u00edvio do Grupo Tintas 2000 - Tintas 2000\" \/>\n<meta property=\"og:description\" content=\"O Conv\u00edvio do Grupo Tintas 2000, realizado no dia 15 de junho de 2024, foi um sucesso marcado por momentos de alegria e uni\u00e3o. O evento ocorreu no Parque do Santu\u00e1rio de S\u00e3o Caetano de Ervededo, em Chaves, onde reuniu mais de 2.000 pessoas, entre colaboradores das empresas do Grupo Tintas 2000, familiares, clientes e [&hellip;]\" \/>\n<meta property=\"og:url\" content=\"https:\/\/tintas2000.pt\/home\/convivio-de-verao-grupo-tintas-2000-um-dia-de-alegria-e-uniao\/\" \/>\n<meta property=\"og:site_name\" content=\"Tintas 2000\" \/>\n<meta property=\"article:published_time\" content=\"2024-06-18T10:16:07+00:00\" \/>\n<meta property=\"article:modified_time\" content=\"2024-07-08T10:48:16+00:00\" \/>\n<meta property=\"og:image\" content=\"https:\/\/tintas2000.pt\/home\/wp-content\/uploads\/2024\/06\/thumbnail.jpg\" \/>\n\t<meta property=\"og:image:width\" content=\"683\" \/>\n\t<meta property=\"og:image:height\" content=\"683\" \/>\n\t<meta property=\"og:image:type\" content=\"image\/jpeg\" \/>\n<meta name=\"author\" content=\"admin\" \/>\n<meta name=\"twitter:card\" content=\"summary_large_image\" \/>\n<meta name=\"twitter:label1\" content=\"Escrito por\" \/>\n\t<meta name=\"twitter:data1\" content=\"admin\" \/>\n\t<meta name=\"twitter:label2\" content=\"Tempo estimado de leitura\" \/>\n\t<meta name=\"twitter:data2\" content=\"1 minuto\" \/>\n<script type=\"application\/ld+json\" class=\"yoast-schema-graph\">{\"@context\":\"https:\\\/\\\/schema.org\",\"@graph\":[{\"@type\":\"Article\",\"@id\":\"https:\\\/\\\/tintas2000.pt\\\/home\\\/convivio-de-verao-grupo-tintas-2000-um-dia-de-alegria-e-uniao\\\/#article\",\"isPartOf\":{\"@id\":\"https:\\\/\\\/tintas2000.pt\\\/home\\\/convivio-de-verao-grupo-tintas-2000-um-dia-de-alegria-e-uniao\\\/\"},\"author\":{\"name\":\"admin\",\"@id\":\"https:\\\/\\\/tintas2000.pt\\\/home\\\/#\\\/schema\\\/person\\\/5aad6d6a0baea05fb07e3f9f65c1bc96\"},\"headline\":\"Conv\u00edvio do Grupo Tintas 2000\",\"datePublished\":\"2024-06-18T10:16:07+00:00\",\"dateModified\":\"2024-07-08T10:48:16+00:00\",\"mainEntityOfPage\":{\"@id\":\"https:\\\/\\\/tintas2000.pt\\\/home\\\/convivio-de-verao-grupo-tintas-2000-um-dia-de-alegria-e-uniao\\\/\"},\"wordCount\":284,\"commentCount\":0,\"image\":{\"@id\":\"https:\\\/\\\/tintas2000.pt\\\/home\\\/convivio-de-verao-grupo-tintas-2000-um-dia-de-alegria-e-uniao\\\/#primaryimage\"},\"thumbnailUrl\":\"https:\\\/\\\/tintas2000.pt\\\/home\\\/wp-content\\\/uploads\\\/2024\\\/06\\\/thumbnail.jpg\",\"articleSection\":[\"EVENTOS\"],\"inLanguage\":\"pt-PT\",\"potentialAction\":[{\"@type\":\"CommentAction\",\"name\":\"Comment\",\"target\":[\"https:\\\/\\\/tintas2000.pt\\\/home\\\/convivio-de-verao-grupo-tintas-2000-um-dia-de-alegria-e-uniao\\\/#respond\"]}]},{\"@type\":\"WebPage\",\"@id\":\"https:\\\/\\\/tintas2000.pt\\\/home\\\/convivio-de-verao-grupo-tintas-2000-um-dia-de-alegria-e-uniao\\\/\",\"url\":\"https:\\\/\\\/tintas2000.pt\\\/home\\\/convivio-de-verao-grupo-tintas-2000-um-dia-de-alegria-e-uniao\\\/\",\"name\":\"Conv\u00edvio do Grupo Tintas 2000 - Tintas 2000\",\"isPartOf\":{\"@id\":\"https:\\\/\\\/tintas2000.pt\\\/home\\\/#website\"},\"primaryImageOfPage\":{\"@id\":\"https:\\\/\\\/tintas2000.pt\\\/home\\\/convivio-de-verao-grupo-tintas-2000-um-dia-de-alegria-e-uniao\\\/#primaryimage\"},\"image\":{\"@id\":\"https:\\\/\\\/tintas2000.pt\\\/home\\\/convivio-de-verao-grupo-tintas-2000-um-dia-de-alegria-e-uniao\\\/#primaryimage\"},\"thumbnailUrl\":\"https:\\\/\\\/tintas2000.pt\\\/home\\\/wp-content\\\/uploads\\\/2024\\\/06\\\/thumbnail.jpg\",\"datePublished\":\"2024-06-18T10:16:07+00:00\",\"dateModified\":\"2024-07-08T10:48:16+00:00\",\"author\":{\"@id\":\"https:\\\/\\\/tintas2000.pt\\\/home\\\/#\\\/schema\\\/person\\\/5aad6d6a0baea05fb07e3f9f65c1bc96\"},\"breadcrumb\":{\"@id\":\"https:\\\/\\\/tintas2000.pt\\\/home\\\/convivio-de-verao-grupo-tintas-2000-um-dia-de-alegria-e-uniao\\\/#breadcrumb\"},\"inLanguage\":\"pt-PT\",\"potentialAction\":[{\"@type\":\"ReadAction\",\"target\":[\"https:\\\/\\\/tintas2000.pt\\\/home\\\/convivio-de-verao-grupo-tintas-2000-um-dia-de-alegria-e-uniao\\\/\"]}]},{\"@type\":\"ImageObject\",\"inLanguage\":\"pt-PT\",\"@id\":\"https:\\\/\\\/tintas2000.pt\\\/home\\\/convivio-de-verao-grupo-tintas-2000-um-dia-de-alegria-e-uniao\\\/#primaryimage\",\"url\":\"https:\\\/\\\/tintas2000.pt\\\/home\\\/wp-content\\\/uploads\\\/2024\\\/06\\\/thumbnail.jpg\",\"contentUrl\":\"https:\\\/\\\/tintas2000.pt\\\/home\\\/wp-content\\\/uploads\\\/2024\\\/06\\\/thumbnail.jpg\",\"width\":683,\"height\":683},{\"@type\":\"BreadcrumbList\",\"@id\":\"https:\\\/\\\/tintas2000.pt\\\/home\\\/convivio-de-verao-grupo-tintas-2000-um-dia-de-alegria-e-uniao\\\/#breadcrumb\",\"itemListElement\":[{\"@type\":\"ListItem\",\"position\":1,\"name\":\"In\u00edcio\",\"item\":\"https:\\\/\\\/tintas2000.pt\\\/home\\\/\"},{\"@type\":\"ListItem\",\"position\":2,\"name\":\"Conv\u00edvio do Grupo Tintas 2000\"}]},{\"@type\":\"WebSite\",\"@id\":\"https:\\\/\\\/tintas2000.pt\\\/home\\\/#website\",\"url\":\"https:\\\/\\\/tintas2000.pt\\\/home\\\/\",\"name\":\"Tintas 2000\",\"description\":\"Tintas 2000\",\"potentialAction\":[{\"@type\":\"SearchAction\",\"target\":{\"@type\":\"EntryPoint\",\"urlTemplate\":\"https:\\\/\\\/tintas2000.pt\\\/home\\\/?s={search_term_string}\"},\"query-input\":{\"@type\":\"PropertyValueSpecification\",\"valueRequired\":true,\"valueName\":\"search_term_string\"}}],\"inLanguage\":\"pt-PT\"},{\"@type\":\"Person\",\"@id\":\"https:\\\/\\\/tintas2000.pt\\\/home\\\/#\\\/schema\\\/person\\\/5aad6d6a0baea05fb07e3f9f65c1bc96\",\"name\":\"admin\",\"image\":{\"@type\":\"ImageObject\",\"inLanguage\":\"pt-PT\",\"@id\":\"https:\\\/\\\/secure.gravatar.com\\\/avatar\\\/43ffe3b38bf9518515f3705af7e6126679882412ae62aaa06d5dfc88b9700769?s=96&d=mm&r=g\",\"url\":\"https:\\\/\\\/secure.gravatar.com\\\/avatar\\\/43ffe3b38bf9518515f3705af7e6126679882412ae62aaa06d5dfc88b9700769?s=96&d=mm&r=g\",\"contentUrl\":\"https:\\\/\\\/secure.gravatar.com\\\/avatar\\\/43ffe3b38bf9518515f3705af7e6126679882412ae62aaa06d5dfc88b9700769?s=96&d=mm&r=g\",\"caption\":\"admin\"},\"sameAs\":[\"https:\\\/\\\/tintas2000.pt\\\/home\"],\"url\":\"https:\\\/\\\/tintas2000.pt\\\/home\\\/author\\\/admin\\\/\"}]}<\/script>\n<!-- \/ Yoast SEO plugin. -->","yoast_head_json":{"title":"Conv\u00edvio do Grupo Tintas 2000 - Tintas 2000","robots":{"index":"index","follow":"follow","max-snippet":"max-snippet:-1","max-image-preview":"max-image-preview:large","max-video-preview":"max-video-preview:-1"},"canonical":"https:\/\/tintas2000.pt\/home\/convivio-de-verao-grupo-tintas-2000-um-dia-de-alegria-e-uniao\/","og_locale":"pt_PT","og_type":"article","og_title":"Conv\u00edvio do Grupo Tintas 2000 - Tintas 2000","og_description":"O Conv\u00edvio do Grupo Tintas 2000, realizado no dia 15 de junho de 2024, foi um sucesso marcado por momentos de alegria e uni\u00e3o. O evento ocorreu no Parque do Santu\u00e1rio de S\u00e3o Caetano de Ervededo, em Chaves, onde reuniu mais de 2.000 pessoas, entre colaboradores das empresas do Grupo Tintas 2000, familiares, clientes e [&hellip;]","og_url":"https:\/\/tintas2000.pt\/home\/convivio-de-verao-grupo-tintas-2000-um-dia-de-alegria-e-uniao\/","og_site_name":"Tintas 2000","article_published_time":"2024-06-18T10:16:07+00:00","article_modified_time":"2024-07-08T10:48:16+00:00","og_image":[{"width":683,"height":683,"url":"https:\/\/tintas2000.pt\/home\/wp-content\/uploads\/2024\/06\/thumbnail.jpg","type":"image\/jpeg"}],"author":"admin","twitter_card":"summary_large_image","twitter_misc":{"Escrito por":"admin","Tempo estimado de leitura":"1 minuto"},"schema":{"@context":"https:\/\/schema.org","@graph":[{"@type":"Article","@id":"https:\/\/tintas2000.pt\/home\/convivio-de-verao-grupo-tintas-2000-um-dia-de-alegria-e-uniao\/#article","isPartOf":{"@id":"https:\/\/tintas2000.pt\/home\/convivio-de-verao-grupo-tintas-2000-um-dia-de-alegria-e-uniao\/"},"author":{"name":"admin","@id":"https:\/\/tintas2000.pt\/home\/#\/schema\/person\/5aad6d6a0baea05fb07e3f9f65c1bc96"},"headline":"Conv\u00edvio do Grupo Tintas 2000","datePublished":"2024-06-18T10:16:07+00:00","dateModified":"2024-07-08T10:48:16+00:00","mainEntityOfPage":{"@id":"https:\/\/tintas2000.pt\/home\/convivio-de-verao-grupo-tintas-2000-um-dia-de-alegria-e-uniao\/"},"wordCount":284,"commentCount":0,"image":{"@id":"https:\/\/tintas2000.pt\/home\/convivio-de-verao-grupo-tintas-2000-um-dia-de-alegria-e-uniao\/#primaryimage"},"thumbnailUrl":"https:\/\/tintas2000.pt\/home\/wp-content\/uploads\/2024\/06\/thumbnail.jpg","articleSection":["EVENTOS"],"inLanguage":"pt-PT","potentialAction":[{"@type":"CommentAction","name":"Comment","target":["https:\/\/tintas2000.pt\/home\/convivio-de-verao-grupo-tintas-2000-um-dia-de-alegria-e-uniao\/#respond"]}]},{"@type":"WebPage","@id":"https:\/\/tintas2000.pt\/home\/convivio-de-verao-grupo-tintas-2000-um-dia-de-alegria-e-uniao\/","url":"https:\/\/tintas2000.pt\/home\/convivio-de-verao-grupo-tintas-2000-um-dia-de-alegria-e-uniao\/","name":"Conv\u00edvio do Grupo Tintas 2000 - Tintas 2000","isPartOf":{"@id":"https:\/\/tintas2000.pt\/home\/#website"},"primaryImageOfPage":{"@id":"https:\/\/tintas2000.pt\/home\/convivio-de-verao-grupo-tintas-2000-um-dia-de-alegria-e-uniao\/#primaryimage"},"image":{"@id":"https:\/\/tintas2000.pt\/home\/convivio-de-verao-grupo-tintas-2000-um-dia-de-alegria-e-uniao\/#primaryimage"},"thumbnailUrl":"https:\/\/tintas2000.pt\/home\/wp-content\/uploads\/2024\/06\/thumbnail.jpg","datePublished":"2024-06-18T10:16:07+00:00","dateModified":"2024-07-08T10:48:16+00:00","author":{"@id":"https:\/\/tintas2000.pt\/home\/#\/schema\/person\/5aad6d6a0baea05fb07e3f9f65c1bc96"},"breadcrumb":{"@id":"https:\/\/tintas2000.pt\/home\/convivio-de-verao-grupo-tintas-2000-um-dia-de-alegria-e-uniao\/#breadcrumb"},"inLanguage":"pt-PT","potentialAction":[{"@type":"ReadAction","target":["https:\/\/tintas2000.pt\/home\/convivio-de-verao-grupo-tintas-2000-um-dia-de-alegria-e-uniao\/"]}]},{"@type":"ImageObject","inLanguage":"pt-PT","@id":"https:\/\/tintas2000.pt\/home\/convivio-de-verao-grupo-tintas-2000-um-dia-de-alegria-e-uniao\/#primaryimage","url":"https:\/\/tintas2000.pt\/home\/wp-content\/uploads\/2024\/06\/thumbnail.jpg","contentUrl":"https:\/\/tintas2000.pt\/home\/wp-content\/uploads\/2024\/06\/thumbnail.jpg","width":683,"height":683},{"@type":"BreadcrumbList","@id":"https:\/\/tintas2000.pt\/home\/convivio-de-verao-grupo-tintas-2000-um-dia-de-alegria-e-uniao\/#breadcrumb","itemListElement":[{"@type":"ListItem","position":1,"name":"In\u00edcio","item":"https:\/\/tintas2000.pt\/home\/"},{"@type":"ListItem","position":2,"name":"Conv\u00edvio do Grupo Tintas 2000"}]},{"@type":"WebSite","@id":"https:\/\/tintas2000.pt\/home\/#website","url":"https:\/\/tintas2000.pt\/home\/","name":"Tintas 2000","description":"Tintas 2000","potentialAction":[{"@type":"SearchAction","target":{"@type":"EntryPoint","urlTemplate":"https:\/\/tintas2000.pt\/home\/?s={search_term_string}"},"query-input":{"@type":"PropertyValueSpecification","valueRequired":true,"valueName":"search_term_string"}}],"inLanguage":"pt-PT"},{"@type":"Person","@id":"https:\/\/tintas2000.pt\/home\/#\/schema\/person\/5aad6d6a0baea05fb07e3f9f65c1bc96","name":"admin","image":{"@type":"ImageObject","inLanguage":"pt-PT","@id":"https:\/\/secure.gravatar.com\/avatar\/43ffe3b38bf9518515f3705af7e6126679882412ae62aaa06d5dfc88b9700769?s=96&d=mm&r=g","url":"https:\/\/secure.gravatar.com\/avatar\/43ffe3b38bf9518515f3705af7e6126679882412ae62aaa06d5dfc88b9700769?s=96&d=mm&r=g","contentUrl":"https:\/\/secure.gravatar.com\/avatar\/43ffe3b38bf9518515f3705af7e6126679882412ae62aaa06d5dfc88b9700769?s=96&d=mm&r=g","caption":"admin"},"sameAs":["https:\/\/tintas2000.pt\/home"],"url":"https:\/\/tintas2000.pt\/home\/author\/admin\/"}]}},"_links":{"self":[{"href":"https:\/\/tintas2000.pt\/home\/wp-json\/wp\/v2\/posts\/43042","targetHints":{"allow":["GET"]}}],"collection":[{"href":"https:\/\/tintas2000.pt\/home\/wp-json\/wp\/v2\/posts"}],"about":[{"href":"https:\/\/tintas2000.pt\/home\/wp-json\/wp\/v2\/types\/post"}],"author":[{"embeddable":true,"href":"https:\/\/tintas2000.pt\/home\/wp-json\/wp\/v2\/users\/1"}],"replies":[{"embeddable":true,"href":"https:\/\/tintas2000.pt\/home\/wp-json\/wp\/v2\/comments?post=43042"}],"version-history":[{"count":0,"href":"https:\/\/tintas2000.pt\/home\/wp-json\/wp\/v2\/posts\/43042\/revisions"}],"wp:featuredmedia":[{"embeddable":true,"href":"https:\/\/tintas2000.pt\/home\/wp-json\/wp\/v2\/media\/43043"}],"wp:attachment":[{"href":"https:\/\/tintas2000.pt\/home\/wp-json\/wp\/v2\/media?parent=43042"}],"wp:term":[{"taxonomy":"category","embeddable":true,"href":"https:\/\/tintas2000.pt\/home\/wp-json\/wp\/v2\/categories?post=43042"},{"taxonomy":"post_tag","embeddable":true,"href":"https:\/\/tintas2000.pt\/home\/wp-json\/wp\/v2\/tags?post=43042"}],"curies":[{"name":"wp","href":"https:\/\/api.w.org\/{rel}","templated":true}]}}