{"id":43148,"date":"2024-07-09T11:01:01","date_gmt":"2024-07-09T10:01:01","guid":{"rendered":"https:\/\/tintas2000.pt\/home\/?p=43148"},"modified":"2024-07-11T08:47:51","modified_gmt":"2024-07-11T07:47:51","slug":"tintas-2000-presente-na-feira-de-artesanato-da-maia","status":"publish","type":"post","link":"https:\/\/tintas2000.pt\/home\/tintas-2000-presente-na-feira-de-artesanato-da-maia\/","title":{"rendered":"Grupo Tintas 2000 Presente na Feira de Artesanato da Maia"},"content":{"rendered":"\t\t<div data-elementor-type=\"wp-post\" data-elementor-id=\"43148\" class=\"elementor elementor-43148\" data-elementor-post-type=\"post\">\n\t\t\t\t<div class=\"elementor-element elementor-element-cb042a7 e-flex e-con-boxed e-con e-parent\" data-id=\"cb042a7\" data-element_type=\"container\" data-e-type=\"container\">\n\t\t\t\t\t<div class=\"e-con-inner\">\n\t\t\t\t<div class=\"elementor-element elementor-element-1f57b34 elementor-widget elementor-widget-image\" data-id=\"1f57b34\" data-element_type=\"widget\" data-e-type=\"widget\" data-widget_type=\"image.default\">\n\t\t\t\t<div class=\"elementor-widget-container\">\n\t\t\t\t\t\t\t\t\t\t\t\t\t\t\t<img fetchpriority=\"high\" decoding=\"async\" width=\"800\" height=\"800\" src=\"https:\/\/tintas2000.pt\/home\/wp-content\/uploads\/2024\/07\/feira_artesanato_maia-1024x1024.jpg\" class=\"attachment-large size-large wp-image-43149\" alt=\"\" srcset=\"https:\/\/tintas2000.pt\/home\/wp-content\/uploads\/2024\/07\/feira_artesanato_maia-1024x1024.jpg 1024w, https:\/\/tintas2000.pt\/home\/wp-content\/uploads\/2024\/07\/feira_artesanato_maia-300x300.jpg 300w, https:\/\/tintas2000.pt\/home\/wp-content\/uploads\/2024\/07\/feira_artesanato_maia-150x150.jpg 150w, https:\/\/tintas2000.pt\/home\/wp-content\/uploads\/2024\/07\/feira_artesanato_maia-768x768.jpg 768w, https:\/\/tintas2000.pt\/home\/wp-content\/uploads\/2024\/07\/feira_artesanato_maia-1536x1536.jpg 1536w, https:\/\/tintas2000.pt\/home\/wp-content\/uploads\/2024\/07\/feira_artesanato_maia-600x600.jpg 600w, https:\/\/tintas2000.pt\/home\/wp-content\/uploads\/2024\/07\/feira_artesanato_maia-100x100.jpg 100w, https:\/\/tintas2000.pt\/home\/wp-content\/uploads\/2024\/07\/feira_artesanato_maia-50x50.jpg 50w, https:\/\/tintas2000.pt\/home\/wp-content\/uploads\/2024\/07\/feira_artesanato_maia.jpg 2000w\" sizes=\"(max-width: 800px) 100vw, 800px\" \/>\t\t\t\t\t\t\t\t\t\t\t\t\t\t\t<\/div>\n\t\t\t\t<\/div>\n\t\t\t\t\t<\/div>\n\t\t\t\t<\/div>\n\t\t<div class=\"elementor-element elementor-element-397b8919 e-flex e-con-boxed e-con e-parent\" data-id=\"397b8919\" data-element_type=\"container\" data-e-type=\"container\">\n\t\t\t\t\t<div class=\"e-con-inner\">\n\t\t\t\t<div class=\"elementor-element elementor-element-59d8a492 elementor-widget elementor-widget-text-editor\" data-id=\"59d8a492\" data-element_type=\"widget\" data-e-type=\"widget\" data-widget_type=\"text-editor.default\">\n\t\t\t\t<div class=\"elementor-widget-container\">\n\t\t\t\t\t\t\t\t\t\n<p>O Grupo Tintas 2000 est\u00e1 novamente presente na Feira de Artesanato da Maia que come\u00e7ou a 06.07 e termina a 14.07.24. A iniciativa \u00e9 sempre uma excelente oportunidade para conhecermos a comunidade local, partilhar conhecimentos e apresentar os nossos produtos.<\/p>\n<p>\u00a0<\/p>\n<p style=\"font-weight: 400;\">\u00c9 um prazer interagir com os participantes e mostrar como o Grupo Tintas 2000 pode ajudar a realizar projetos com excel\u00eancia. Agradecemos a todos os que j\u00e1 nos visitaram e esperamos continuar a fortalecer a nossa rela\u00e7\u00e3o com a comunidade.<\/p>\n\t\t\t\t\t\t\t\t<\/div>\n\t\t\t\t<\/div>\n\t\t\t\t\t<\/div>\n\t\t\t\t<\/div>\n\t\t\t\t<\/div>\n\t\t","protected":false},"excerpt":{"rendered":"<p>O Grupo Tintas 2000 est\u00e1 novamente presente na Feira de Artesanato da Maia que come\u00e7ou a 06.07 e termina a 14.07.24. A iniciativa \u00e9 sempre uma excelente oportunidade para conhecermos a comunidade local, partilhar conhecimentos e apresentar os nossos produtos. \u00a0 \u00c9 um prazer interagir com os participantes e mostrar como o Grupo Tintas 2000 [&hellip;]<\/p>\n","protected":false},"author":1,"featured_media":43149,"comment_status":"open","ping_status":"open","sticky":false,"template":"","format":"standard","meta":{"_acf_changed":false,"footnotes":""},"categories":[534],"tags":[],"class_list":["post-43148","post","type-post","status-publish","format-standard","has-post-thumbnail","hentry","category-eventos"],"acf":[],"yoast_head":"<!-- This site is optimized with the Yoast SEO plugin v27.5 - https:\/\/yoast.com\/product\/yoast-seo-wordpress\/ -->\n<title>Grupo Tintas 2000 Presente na Feira de Artesanato da Maia - Tintas 2000<\/title>\n<meta name=\"robots\" content=\"index, follow, max-snippet:-1, max-image-preview:large, max-video-preview:-1\" \/>\n<link rel=\"canonical\" href=\"https:\/\/tintas2000.pt\/home\/tintas-2000-presente-na-feira-de-artesanato-da-maia\/\" \/>\n<meta property=\"og:locale\" content=\"pt_PT\" \/>\n<meta property=\"og:type\" content=\"article\" \/>\n<meta property=\"og:title\" content=\"Grupo Tintas 2000 Presente na Feira de Artesanato da Maia - Tintas 2000\" \/>\n<meta property=\"og:description\" content=\"O Grupo Tintas 2000 est\u00e1 novamente presente na Feira de Artesanato da Maia que come\u00e7ou a 06.07 e termina a 14.07.24. A iniciativa \u00e9 sempre uma excelente oportunidade para conhecermos a comunidade local, partilhar conhecimentos e apresentar os nossos produtos. \u00a0 \u00c9 um prazer interagir com os participantes e mostrar como o Grupo Tintas 2000 [&hellip;]\" \/>\n<meta property=\"og:url\" content=\"https:\/\/tintas2000.pt\/home\/tintas-2000-presente-na-feira-de-artesanato-da-maia\/\" \/>\n<meta property=\"og:site_name\" content=\"Tintas 2000\" \/>\n<meta property=\"article:published_time\" content=\"2024-07-09T10:01:01+00:00\" \/>\n<meta property=\"article:modified_time\" content=\"2024-07-11T07:47:51+00:00\" \/>\n<meta property=\"og:image\" content=\"https:\/\/tintas2000.pt\/home\/wp-content\/uploads\/2024\/07\/feira_artesanato_maia.jpg\" \/>\n\t<meta property=\"og:image:width\" content=\"2000\" \/>\n\t<meta property=\"og:image:height\" content=\"2000\" \/>\n\t<meta property=\"og:image:type\" content=\"image\/jpeg\" \/>\n<meta name=\"author\" content=\"admin\" \/>\n<meta name=\"twitter:card\" content=\"summary_large_image\" \/>\n<meta name=\"twitter:label1\" content=\"Escrito por\" \/>\n\t<meta name=\"twitter:data1\" content=\"admin\" \/>\n<script type=\"application\/ld+json\" class=\"yoast-schema-graph\">{\"@context\":\"https:\\\/\\\/schema.org\",\"@graph\":[{\"@type\":\"Article\",\"@id\":\"https:\\\/\\\/tintas2000.pt\\\/home\\\/tintas-2000-presente-na-feira-de-artesanato-da-maia\\\/#article\",\"isPartOf\":{\"@id\":\"https:\\\/\\\/tintas2000.pt\\\/home\\\/tintas-2000-presente-na-feira-de-artesanato-da-maia\\\/\"},\"author\":{\"name\":\"admin\",\"@id\":\"https:\\\/\\\/tintas2000.pt\\\/home\\\/#\\\/schema\\\/person\\\/5aad6d6a0baea05fb07e3f9f65c1bc96\"},\"headline\":\"Grupo Tintas 2000 Presente na Feira de Artesanato da Maia\",\"datePublished\":\"2024-07-09T10:01:01+00:00\",\"dateModified\":\"2024-07-11T07:47:51+00:00\",\"mainEntityOfPage\":{\"@id\":\"https:\\\/\\\/tintas2000.pt\\\/home\\\/tintas-2000-presente-na-feira-de-artesanato-da-maia\\\/\"},\"wordCount\":86,\"commentCount\":0,\"image\":{\"@id\":\"https:\\\/\\\/tintas2000.pt\\\/home\\\/tintas-2000-presente-na-feira-de-artesanato-da-maia\\\/#primaryimage\"},\"thumbnailUrl\":\"https:\\\/\\\/tintas2000.pt\\\/home\\\/wp-content\\\/uploads\\\/2024\\\/07\\\/feira_artesanato_maia.jpg\",\"articleSection\":[\"EVENTOS\"],\"inLanguage\":\"pt-PT\",\"potentialAction\":[{\"@type\":\"CommentAction\",\"name\":\"Comment\",\"target\":[\"https:\\\/\\\/tintas2000.pt\\\/home\\\/tintas-2000-presente-na-feira-de-artesanato-da-maia\\\/#respond\"]}]},{\"@type\":\"WebPage\",\"@id\":\"https:\\\/\\\/tintas2000.pt\\\/home\\\/tintas-2000-presente-na-feira-de-artesanato-da-maia\\\/\",\"url\":\"https:\\\/\\\/tintas2000.pt\\\/home\\\/tintas-2000-presente-na-feira-de-artesanato-da-maia\\\/\",\"name\":\"Grupo Tintas 2000 Presente na Feira de Artesanato da Maia - Tintas 2000\",\"isPartOf\":{\"@id\":\"https:\\\/\\\/tintas2000.pt\\\/home\\\/#website\"},\"primaryImageOfPage\":{\"@id\":\"https:\\\/\\\/tintas2000.pt\\\/home\\\/tintas-2000-presente-na-feira-de-artesanato-da-maia\\\/#primaryimage\"},\"image\":{\"@id\":\"https:\\\/\\\/tintas2000.pt\\\/home\\\/tintas-2000-presente-na-feira-de-artesanato-da-maia\\\/#primaryimage\"},\"thumbnailUrl\":\"https:\\\/\\\/tintas2000.pt\\\/home\\\/wp-content\\\/uploads\\\/2024\\\/07\\\/feira_artesanato_maia.jpg\",\"datePublished\":\"2024-07-09T10:01:01+00:00\",\"dateModified\":\"2024-07-11T07:47:51+00:00\",\"author\":{\"@id\":\"https:\\\/\\\/tintas2000.pt\\\/home\\\/#\\\/schema\\\/person\\\/5aad6d6a0baea05fb07e3f9f65c1bc96\"},\"breadcrumb\":{\"@id\":\"https:\\\/\\\/tintas2000.pt\\\/home\\\/tintas-2000-presente-na-feira-de-artesanato-da-maia\\\/#breadcrumb\"},\"inLanguage\":\"pt-PT\",\"potentialAction\":[{\"@type\":\"ReadAction\",\"target\":[\"https:\\\/\\\/tintas2000.pt\\\/home\\\/tintas-2000-presente-na-feira-de-artesanato-da-maia\\\/\"]}]},{\"@type\":\"ImageObject\",\"inLanguage\":\"pt-PT\",\"@id\":\"https:\\\/\\\/tintas2000.pt\\\/home\\\/tintas-2000-presente-na-feira-de-artesanato-da-maia\\\/#primaryimage\",\"url\":\"https:\\\/\\\/tintas2000.pt\\\/home\\\/wp-content\\\/uploads\\\/2024\\\/07\\\/feira_artesanato_maia.jpg\",\"contentUrl\":\"https:\\\/\\\/tintas2000.pt\\\/home\\\/wp-content\\\/uploads\\\/2024\\\/07\\\/feira_artesanato_maia.jpg\",\"width\":2000,\"height\":2000},{\"@type\":\"BreadcrumbList\",\"@id\":\"https:\\\/\\\/tintas2000.pt\\\/home\\\/tintas-2000-presente-na-feira-de-artesanato-da-maia\\\/#breadcrumb\",\"itemListElement\":[{\"@type\":\"ListItem\",\"position\":1,\"name\":\"In\u00edcio\",\"item\":\"https:\\\/\\\/tintas2000.pt\\\/home\\\/\"},{\"@type\":\"ListItem\",\"position\":2,\"name\":\"Grupo Tintas 2000 Presente na Feira de Artesanato da Maia\"}]},{\"@type\":\"WebSite\",\"@id\":\"https:\\\/\\\/tintas2000.pt\\\/home\\\/#website\",\"url\":\"https:\\\/\\\/tintas2000.pt\\\/home\\\/\",\"name\":\"Tintas 2000\",\"description\":\"Tintas 2000\",\"potentialAction\":[{\"@type\":\"SearchAction\",\"target\":{\"@type\":\"EntryPoint\",\"urlTemplate\":\"https:\\\/\\\/tintas2000.pt\\\/home\\\/?s={search_term_string}\"},\"query-input\":{\"@type\":\"PropertyValueSpecification\",\"valueRequired\":true,\"valueName\":\"search_term_string\"}}],\"inLanguage\":\"pt-PT\"},{\"@type\":\"Person\",\"@id\":\"https:\\\/\\\/tintas2000.pt\\\/home\\\/#\\\/schema\\\/person\\\/5aad6d6a0baea05fb07e3f9f65c1bc96\",\"name\":\"admin\",\"image\":{\"@type\":\"ImageObject\",\"inLanguage\":\"pt-PT\",\"@id\":\"https:\\\/\\\/secure.gravatar.com\\\/avatar\\\/43ffe3b38bf9518515f3705af7e6126679882412ae62aaa06d5dfc88b9700769?s=96&d=mm&r=g\",\"url\":\"https:\\\/\\\/secure.gravatar.com\\\/avatar\\\/43ffe3b38bf9518515f3705af7e6126679882412ae62aaa06d5dfc88b9700769?s=96&d=mm&r=g\",\"contentUrl\":\"https:\\\/\\\/secure.gravatar.com\\\/avatar\\\/43ffe3b38bf9518515f3705af7e6126679882412ae62aaa06d5dfc88b9700769?s=96&d=mm&r=g\",\"caption\":\"admin\"},\"sameAs\":[\"https:\\\/\\\/tintas2000.pt\\\/home\"],\"url\":\"https:\\\/\\\/tintas2000.pt\\\/home\\\/author\\\/admin\\\/\"}]}<\/script>\n<!-- \/ Yoast SEO plugin. -->","yoast_head_json":{"title":"Grupo Tintas 2000 Presente na Feira de Artesanato da Maia - Tintas 2000","robots":{"index":"index","follow":"follow","max-snippet":"max-snippet:-1","max-image-preview":"max-image-preview:large","max-video-preview":"max-video-preview:-1"},"canonical":"https:\/\/tintas2000.pt\/home\/tintas-2000-presente-na-feira-de-artesanato-da-maia\/","og_locale":"pt_PT","og_type":"article","og_title":"Grupo Tintas 2000 Presente na Feira de Artesanato da Maia - Tintas 2000","og_description":"O Grupo Tintas 2000 est\u00e1 novamente presente na Feira de Artesanato da Maia que come\u00e7ou a 06.07 e termina a 14.07.24. A iniciativa \u00e9 sempre uma excelente oportunidade para conhecermos a comunidade local, partilhar conhecimentos e apresentar os nossos produtos. \u00a0 \u00c9 um prazer interagir com os participantes e mostrar como o Grupo Tintas 2000 [&hellip;]","og_url":"https:\/\/tintas2000.pt\/home\/tintas-2000-presente-na-feira-de-artesanato-da-maia\/","og_site_name":"Tintas 2000","article_published_time":"2024-07-09T10:01:01+00:00","article_modified_time":"2024-07-11T07:47:51+00:00","og_image":[{"width":2000,"height":2000,"url":"https:\/\/tintas2000.pt\/home\/wp-content\/uploads\/2024\/07\/feira_artesanato_maia.jpg","type":"image\/jpeg"}],"author":"admin","twitter_card":"summary_large_image","twitter_misc":{"Escrito por":"admin"},"schema":{"@context":"https:\/\/schema.org","@graph":[{"@type":"Article","@id":"https:\/\/tintas2000.pt\/home\/tintas-2000-presente-na-feira-de-artesanato-da-maia\/#article","isPartOf":{"@id":"https:\/\/tintas2000.pt\/home\/tintas-2000-presente-na-feira-de-artesanato-da-maia\/"},"author":{"name":"admin","@id":"https:\/\/tintas2000.pt\/home\/#\/schema\/person\/5aad6d6a0baea05fb07e3f9f65c1bc96"},"headline":"Grupo Tintas 2000 Presente na Feira de Artesanato da Maia","datePublished":"2024-07-09T10:01:01+00:00","dateModified":"2024-07-11T07:47:51+00:00","mainEntityOfPage":{"@id":"https:\/\/tintas2000.pt\/home\/tintas-2000-presente-na-feira-de-artesanato-da-maia\/"},"wordCount":86,"commentCount":0,"image":{"@id":"https:\/\/tintas2000.pt\/home\/tintas-2000-presente-na-feira-de-artesanato-da-maia\/#primaryimage"},"thumbnailUrl":"https:\/\/tintas2000.pt\/home\/wp-content\/uploads\/2024\/07\/feira_artesanato_maia.jpg","articleSection":["EVENTOS"],"inLanguage":"pt-PT","potentialAction":[{"@type":"CommentAction","name":"Comment","target":["https:\/\/tintas2000.pt\/home\/tintas-2000-presente-na-feira-de-artesanato-da-maia\/#respond"]}]},{"@type":"WebPage","@id":"https:\/\/tintas2000.pt\/home\/tintas-2000-presente-na-feira-de-artesanato-da-maia\/","url":"https:\/\/tintas2000.pt\/home\/tintas-2000-presente-na-feira-de-artesanato-da-maia\/","name":"Grupo Tintas 2000 Presente na Feira de Artesanato da Maia - Tintas 2000","isPartOf":{"@id":"https:\/\/tintas2000.pt\/home\/#website"},"primaryImageOfPage":{"@id":"https:\/\/tintas2000.pt\/home\/tintas-2000-presente-na-feira-de-artesanato-da-maia\/#primaryimage"},"image":{"@id":"https:\/\/tintas2000.pt\/home\/tintas-2000-presente-na-feira-de-artesanato-da-maia\/#primaryimage"},"thumbnailUrl":"https:\/\/tintas2000.pt\/home\/wp-content\/uploads\/2024\/07\/feira_artesanato_maia.jpg","datePublished":"2024-07-09T10:01:01+00:00","dateModified":"2024-07-11T07:47:51+00:00","author":{"@id":"https:\/\/tintas2000.pt\/home\/#\/schema\/person\/5aad6d6a0baea05fb07e3f9f65c1bc96"},"breadcrumb":{"@id":"https:\/\/tintas2000.pt\/home\/tintas-2000-presente-na-feira-de-artesanato-da-maia\/#breadcrumb"},"inLanguage":"pt-PT","potentialAction":[{"@type":"ReadAction","target":["https:\/\/tintas2000.pt\/home\/tintas-2000-presente-na-feira-de-artesanato-da-maia\/"]}]},{"@type":"ImageObject","inLanguage":"pt-PT","@id":"https:\/\/tintas2000.pt\/home\/tintas-2000-presente-na-feira-de-artesanato-da-maia\/#primaryimage","url":"https:\/\/tintas2000.pt\/home\/wp-content\/uploads\/2024\/07\/feira_artesanato_maia.jpg","contentUrl":"https:\/\/tintas2000.pt\/home\/wp-content\/uploads\/2024\/07\/feira_artesanato_maia.jpg","width":2000,"height":2000},{"@type":"BreadcrumbList","@id":"https:\/\/tintas2000.pt\/home\/tintas-2000-presente-na-feira-de-artesanato-da-maia\/#breadcrumb","itemListElement":[{"@type":"ListItem","position":1,"name":"In\u00edcio","item":"https:\/\/tintas2000.pt\/home\/"},{"@type":"ListItem","position":2,"name":"Grupo Tintas 2000 Presente na Feira de Artesanato da Maia"}]},{"@type":"WebSite","@id":"https:\/\/tintas2000.pt\/home\/#website","url":"https:\/\/tintas2000.pt\/home\/","name":"Tintas 2000","description":"Tintas 2000","potentialAction":[{"@type":"SearchAction","target":{"@type":"EntryPoint","urlTemplate":"https:\/\/tintas2000.pt\/home\/?s={search_term_string}"},"query-input":{"@type":"PropertyValueSpecification","valueRequired":true,"valueName":"search_term_string"}}],"inLanguage":"pt-PT"},{"@type":"Person","@id":"https:\/\/tintas2000.pt\/home\/#\/schema\/person\/5aad6d6a0baea05fb07e3f9f65c1bc96","name":"admin","image":{"@type":"ImageObject","inLanguage":"pt-PT","@id":"https:\/\/secure.gravatar.com\/avatar\/43ffe3b38bf9518515f3705af7e6126679882412ae62aaa06d5dfc88b9700769?s=96&d=mm&r=g","url":"https:\/\/secure.gravatar.com\/avatar\/43ffe3b38bf9518515f3705af7e6126679882412ae62aaa06d5dfc88b9700769?s=96&d=mm&r=g","contentUrl":"https:\/\/secure.gravatar.com\/avatar\/43ffe3b38bf9518515f3705af7e6126679882412ae62aaa06d5dfc88b9700769?s=96&d=mm&r=g","caption":"admin"},"sameAs":["https:\/\/tintas2000.pt\/home"],"url":"https:\/\/tintas2000.pt\/home\/author\/admin\/"}]}},"_links":{"self":[{"href":"https:\/\/tintas2000.pt\/home\/wp-json\/wp\/v2\/posts\/43148","targetHints":{"allow":["GET"]}}],"collection":[{"href":"https:\/\/tintas2000.pt\/home\/wp-json\/wp\/v2\/posts"}],"about":[{"href":"https:\/\/tintas2000.pt\/home\/wp-json\/wp\/v2\/types\/post"}],"author":[{"embeddable":true,"href":"https:\/\/tintas2000.pt\/home\/wp-json\/wp\/v2\/users\/1"}],"replies":[{"embeddable":true,"href":"https:\/\/tintas2000.pt\/home\/wp-json\/wp\/v2\/comments?post=43148"}],"version-history":[{"count":0,"href":"https:\/\/tintas2000.pt\/home\/wp-json\/wp\/v2\/posts\/43148\/revisions"}],"wp:featuredmedia":[{"embeddable":true,"href":"https:\/\/tintas2000.pt\/home\/wp-json\/wp\/v2\/media\/43149"}],"wp:attachment":[{"href":"https:\/\/tintas2000.pt\/home\/wp-json\/wp\/v2\/media?parent=43148"}],"wp:term":[{"taxonomy":"category","embeddable":true,"href":"https:\/\/tintas2000.pt\/home\/wp-json\/wp\/v2\/categories?post=43148"},{"taxonomy":"post_tag","embeddable":true,"href":"https:\/\/tintas2000.pt\/home\/wp-json\/wp\/v2\/tags?post=43148"}],"curies":[{"name":"wp","href":"https:\/\/api.w.org\/{rel}","templated":true}]}}