{"id":45988,"date":"2025-09-26T09:54:52","date_gmt":"2025-09-26T08:54:52","guid":{"rendered":"https:\/\/tintas2000.pt\/home\/?p=45988"},"modified":"2025-09-26T09:57:26","modified_gmt":"2025-09-26T08:57:26","slug":"reviva-os-melhores-momentos-da-6-a-caminhada-solidaria-colorir","status":"publish","type":"post","link":"https:\/\/tintas2000.pt\/home\/reviva-os-melhores-momentos-da-6-a-caminhada-solidaria-colorir\/","title":{"rendered":"Reviva os melhores momentos da 6.\u00aa Caminhada Solid\u00e1ria ColoRIR!"},"content":{"rendered":"\n<figure class=\"wp-block-gallery has-nested-images columns-default is-cropped wp-block-gallery-1 is-layout-flex wp-block-gallery-is-layout-flex\">\n<figure class=\"wp-block-image size-large\"><a href=\"https:\/\/tintas2000.pt\/home\/wp-content\/uploads\/2025\/09\/Caminhada.png\"><img fetchpriority=\"high\" decoding=\"async\" width=\"842\" height=\"553\" data-id=\"45989\" src=\"https:\/\/tintas2000.pt\/home\/wp-content\/uploads\/2025\/09\/Caminhada.png\" alt=\"\" class=\"wp-image-45989\" srcset=\"https:\/\/tintas2000.pt\/home\/wp-content\/uploads\/2025\/09\/Caminhada.png 842w, https:\/\/tintas2000.pt\/home\/wp-content\/uploads\/2025\/09\/Caminhada-300x197.png 300w, https:\/\/tintas2000.pt\/home\/wp-content\/uploads\/2025\/09\/Caminhada-768x504.png 768w, https:\/\/tintas2000.pt\/home\/wp-content\/uploads\/2025\/09\/Caminhada-600x394.png 600w\" sizes=\"(max-width: 842px) 100vw, 842px\" \/><\/a><\/figure>\n<\/figure>\n\n\n\n<p>A&nbsp;<strong>6.\u00aa Caminhada Solid\u00e1ria ColoRIR<\/strong>&nbsp;foi um verdadeiro sucesso! Contamos com&nbsp;<strong>mais de 300 participantes<\/strong>, que, com a sua presen\u00e7a e apoio, ajudaram-nos a transformar esta manh\u00e3 numa iniciativa memor\u00e1vel.<\/p>\n\n\n\n<p>Com a ajuda de todos, conseguimos doar\u00a0<strong>5.000\u20ac \u00e0 Bomporto \u2013 Cooperativa de Solidariedade Social<\/strong>, contribuindo para o trabalho essencial que desenvolvem junto de pessoas com defici\u00eancia e das suas fam\u00edlias.<\/p>\n\n\n\n<p>Um sincero\u00a0<strong>obrigado a todos<\/strong>\u00a0os que se juntaram a n\u00f3s e ajudaram a dar mais cor \u00e0 solidariedade.<\/p>\n\n\n\n<p>Reviva os melhores momentos \u00bb\u00a0<a href=\"https:\/\/flic.kr\/s\/aHBqjCv3Ar\" target=\"_blank\" rel=\"noreferrer noopener\">https:\/\/flic.kr\/s\/aHBqjCv3Ar<\/a>\u00a0\u00a0<\/p>\n\n\n\n<p><\/p>\n","protected":false},"excerpt":{"rendered":"<p>A&nbsp;6.\u00aa Caminhada Solid\u00e1ria ColoRIR&nbsp;foi um verdadeiro sucesso! Contamos com&nbsp;mais de 300 participantes, que, com a sua presen\u00e7a e apoio, ajudaram-nos a transformar esta manh\u00e3 numa iniciativa memor\u00e1vel. Com a ajuda de todos, conseguimos doar\u00a05.000\u20ac \u00e0 Bomporto \u2013 Cooperativa de Solidariedade Social, contribuindo para o trabalho essencial que desenvolvem junto de pessoas com defici\u00eancia e das [&hellip;]<\/p>\n","protected":false},"author":1,"featured_media":45990,"comment_status":"open","ping_status":"open","sticky":false,"template":"","format":"standard","meta":{"_acf_changed":false,"footnotes":""},"categories":[534],"tags":[],"class_list":["post-45988","post","type-post","status-publish","format-standard","has-post-thumbnail","hentry","category-eventos"],"acf":[],"yoast_head":"<!-- This site is optimized with the Yoast SEO plugin v27.5 - https:\/\/yoast.com\/product\/yoast-seo-wordpress\/ -->\n<title>Reviva os melhores momentos da 6.\u00aa Caminhada Solid\u00e1ria ColoRIR! - Tintas 2000<\/title>\n<meta name=\"robots\" content=\"index, follow, max-snippet:-1, max-image-preview:large, max-video-preview:-1\" \/>\n<link rel=\"canonical\" href=\"https:\/\/tintas2000.pt\/home\/reviva-os-melhores-momentos-da-6-a-caminhada-solidaria-colorir\/\" \/>\n<meta property=\"og:locale\" content=\"pt_PT\" \/>\n<meta property=\"og:type\" content=\"article\" \/>\n<meta property=\"og:title\" content=\"Reviva os melhores momentos da 6.\u00aa Caminhada Solid\u00e1ria ColoRIR! - Tintas 2000\" \/>\n<meta property=\"og:description\" content=\"A&nbsp;6.\u00aa Caminhada Solid\u00e1ria ColoRIR&nbsp;foi um verdadeiro sucesso! Contamos com&nbsp;mais de 300 participantes, que, com a sua presen\u00e7a e apoio, ajudaram-nos a transformar esta manh\u00e3 numa iniciativa memor\u00e1vel. Com a ajuda de todos, conseguimos doar\u00a05.000\u20ac \u00e0 Bomporto \u2013 Cooperativa de Solidariedade Social, contribuindo para o trabalho essencial que desenvolvem junto de pessoas com defici\u00eancia e das [&hellip;]\" \/>\n<meta property=\"og:url\" content=\"https:\/\/tintas2000.pt\/home\/reviva-os-melhores-momentos-da-6-a-caminhada-solidaria-colorir\/\" \/>\n<meta property=\"og:site_name\" content=\"Tintas 2000\" \/>\n<meta property=\"article:published_time\" content=\"2025-09-26T08:54:52+00:00\" \/>\n<meta property=\"article:modified_time\" content=\"2025-09-26T08:57:26+00:00\" \/>\n<meta property=\"og:image\" content=\"https:\/\/tintas2000.pt\/home\/wp-content\/uploads\/2025\/09\/Destaque_NoticiaCaminhada.jpg\" \/>\n\t<meta property=\"og:image:width\" content=\"1080\" \/>\n\t<meta property=\"og:image:height\" content=\"1080\" \/>\n\t<meta property=\"og:image:type\" content=\"image\/jpeg\" \/>\n<meta name=\"author\" content=\"admin\" \/>\n<meta name=\"twitter:card\" content=\"summary_large_image\" \/>\n<meta name=\"twitter:label1\" content=\"Escrito por\" \/>\n\t<meta name=\"twitter:data1\" content=\"admin\" \/>\n<script type=\"application\/ld+json\" class=\"yoast-schema-graph\">{\"@context\":\"https:\\\/\\\/schema.org\",\"@graph\":[{\"@type\":\"Article\",\"@id\":\"https:\\\/\\\/tintas2000.pt\\\/home\\\/reviva-os-melhores-momentos-da-6-a-caminhada-solidaria-colorir\\\/#article\",\"isPartOf\":{\"@id\":\"https:\\\/\\\/tintas2000.pt\\\/home\\\/reviva-os-melhores-momentos-da-6-a-caminhada-solidaria-colorir\\\/\"},\"author\":{\"name\":\"admin\",\"@id\":\"https:\\\/\\\/tintas2000.pt\\\/home\\\/#\\\/schema\\\/person\\\/5aad6d6a0baea05fb07e3f9f65c1bc96\"},\"headline\":\"Reviva os melhores momentos da 6.\u00aa Caminhada Solid\u00e1ria ColoRIR!\",\"datePublished\":\"2025-09-26T08:54:52+00:00\",\"dateModified\":\"2025-09-26T08:57:26+00:00\",\"mainEntityOfPage\":{\"@id\":\"https:\\\/\\\/tintas2000.pt\\\/home\\\/reviva-os-melhores-momentos-da-6-a-caminhada-solidaria-colorir\\\/\"},\"wordCount\":102,\"commentCount\":0,\"image\":{\"@id\":\"https:\\\/\\\/tintas2000.pt\\\/home\\\/reviva-os-melhores-momentos-da-6-a-caminhada-solidaria-colorir\\\/#primaryimage\"},\"thumbnailUrl\":\"https:\\\/\\\/tintas2000.pt\\\/home\\\/wp-content\\\/uploads\\\/2025\\\/09\\\/Destaque_NoticiaCaminhada.jpg\",\"articleSection\":[\"EVENTOS\"],\"inLanguage\":\"pt-PT\",\"potentialAction\":[{\"@type\":\"CommentAction\",\"name\":\"Comment\",\"target\":[\"https:\\\/\\\/tintas2000.pt\\\/home\\\/reviva-os-melhores-momentos-da-6-a-caminhada-solidaria-colorir\\\/#respond\"]}]},{\"@type\":\"WebPage\",\"@id\":\"https:\\\/\\\/tintas2000.pt\\\/home\\\/reviva-os-melhores-momentos-da-6-a-caminhada-solidaria-colorir\\\/\",\"url\":\"https:\\\/\\\/tintas2000.pt\\\/home\\\/reviva-os-melhores-momentos-da-6-a-caminhada-solidaria-colorir\\\/\",\"name\":\"Reviva os melhores momentos da 6.\u00aa Caminhada Solid\u00e1ria ColoRIR! - Tintas 2000\",\"isPartOf\":{\"@id\":\"https:\\\/\\\/tintas2000.pt\\\/home\\\/#website\"},\"primaryImageOfPage\":{\"@id\":\"https:\\\/\\\/tintas2000.pt\\\/home\\\/reviva-os-melhores-momentos-da-6-a-caminhada-solidaria-colorir\\\/#primaryimage\"},\"image\":{\"@id\":\"https:\\\/\\\/tintas2000.pt\\\/home\\\/reviva-os-melhores-momentos-da-6-a-caminhada-solidaria-colorir\\\/#primaryimage\"},\"thumbnailUrl\":\"https:\\\/\\\/tintas2000.pt\\\/home\\\/wp-content\\\/uploads\\\/2025\\\/09\\\/Destaque_NoticiaCaminhada.jpg\",\"datePublished\":\"2025-09-26T08:54:52+00:00\",\"dateModified\":\"2025-09-26T08:57:26+00:00\",\"author\":{\"@id\":\"https:\\\/\\\/tintas2000.pt\\\/home\\\/#\\\/schema\\\/person\\\/5aad6d6a0baea05fb07e3f9f65c1bc96\"},\"breadcrumb\":{\"@id\":\"https:\\\/\\\/tintas2000.pt\\\/home\\\/reviva-os-melhores-momentos-da-6-a-caminhada-solidaria-colorir\\\/#breadcrumb\"},\"inLanguage\":\"pt-PT\",\"potentialAction\":[{\"@type\":\"ReadAction\",\"target\":[\"https:\\\/\\\/tintas2000.pt\\\/home\\\/reviva-os-melhores-momentos-da-6-a-caminhada-solidaria-colorir\\\/\"]}]},{\"@type\":\"ImageObject\",\"inLanguage\":\"pt-PT\",\"@id\":\"https:\\\/\\\/tintas2000.pt\\\/home\\\/reviva-os-melhores-momentos-da-6-a-caminhada-solidaria-colorir\\\/#primaryimage\",\"url\":\"https:\\\/\\\/tintas2000.pt\\\/home\\\/wp-content\\\/uploads\\\/2025\\\/09\\\/Destaque_NoticiaCaminhada.jpg\",\"contentUrl\":\"https:\\\/\\\/tintas2000.pt\\\/home\\\/wp-content\\\/uploads\\\/2025\\\/09\\\/Destaque_NoticiaCaminhada.jpg\",\"width\":1080,\"height\":1080},{\"@type\":\"BreadcrumbList\",\"@id\":\"https:\\\/\\\/tintas2000.pt\\\/home\\\/reviva-os-melhores-momentos-da-6-a-caminhada-solidaria-colorir\\\/#breadcrumb\",\"itemListElement\":[{\"@type\":\"ListItem\",\"position\":1,\"name\":\"In\u00edcio\",\"item\":\"https:\\\/\\\/tintas2000.pt\\\/home\\\/\"},{\"@type\":\"ListItem\",\"position\":2,\"name\":\"Reviva os melhores momentos da 6.\u00aa Caminhada Solid\u00e1ria ColoRIR!\"}]},{\"@type\":\"WebSite\",\"@id\":\"https:\\\/\\\/tintas2000.pt\\\/home\\\/#website\",\"url\":\"https:\\\/\\\/tintas2000.pt\\\/home\\\/\",\"name\":\"Tintas 2000\",\"description\":\"Tintas 2000\",\"potentialAction\":[{\"@type\":\"SearchAction\",\"target\":{\"@type\":\"EntryPoint\",\"urlTemplate\":\"https:\\\/\\\/tintas2000.pt\\\/home\\\/?s={search_term_string}\"},\"query-input\":{\"@type\":\"PropertyValueSpecification\",\"valueRequired\":true,\"valueName\":\"search_term_string\"}}],\"inLanguage\":\"pt-PT\"},{\"@type\":\"Person\",\"@id\":\"https:\\\/\\\/tintas2000.pt\\\/home\\\/#\\\/schema\\\/person\\\/5aad6d6a0baea05fb07e3f9f65c1bc96\",\"name\":\"admin\",\"image\":{\"@type\":\"ImageObject\",\"inLanguage\":\"pt-PT\",\"@id\":\"https:\\\/\\\/secure.gravatar.com\\\/avatar\\\/43ffe3b38bf9518515f3705af7e6126679882412ae62aaa06d5dfc88b9700769?s=96&d=mm&r=g\",\"url\":\"https:\\\/\\\/secure.gravatar.com\\\/avatar\\\/43ffe3b38bf9518515f3705af7e6126679882412ae62aaa06d5dfc88b9700769?s=96&d=mm&r=g\",\"contentUrl\":\"https:\\\/\\\/secure.gravatar.com\\\/avatar\\\/43ffe3b38bf9518515f3705af7e6126679882412ae62aaa06d5dfc88b9700769?s=96&d=mm&r=g\",\"caption\":\"admin\"},\"sameAs\":[\"https:\\\/\\\/tintas2000.pt\\\/home\"],\"url\":\"https:\\\/\\\/tintas2000.pt\\\/home\\\/author\\\/admin\\\/\"}]}<\/script>\n<!-- \/ Yoast SEO plugin. -->","yoast_head_json":{"title":"Reviva os melhores momentos da 6.\u00aa Caminhada Solid\u00e1ria ColoRIR! - Tintas 2000","robots":{"index":"index","follow":"follow","max-snippet":"max-snippet:-1","max-image-preview":"max-image-preview:large","max-video-preview":"max-video-preview:-1"},"canonical":"https:\/\/tintas2000.pt\/home\/reviva-os-melhores-momentos-da-6-a-caminhada-solidaria-colorir\/","og_locale":"pt_PT","og_type":"article","og_title":"Reviva os melhores momentos da 6.\u00aa Caminhada Solid\u00e1ria ColoRIR! - Tintas 2000","og_description":"A&nbsp;6.\u00aa Caminhada Solid\u00e1ria ColoRIR&nbsp;foi um verdadeiro sucesso! Contamos com&nbsp;mais de 300 participantes, que, com a sua presen\u00e7a e apoio, ajudaram-nos a transformar esta manh\u00e3 numa iniciativa memor\u00e1vel. Com a ajuda de todos, conseguimos doar\u00a05.000\u20ac \u00e0 Bomporto \u2013 Cooperativa de Solidariedade Social, contribuindo para o trabalho essencial que desenvolvem junto de pessoas com defici\u00eancia e das [&hellip;]","og_url":"https:\/\/tintas2000.pt\/home\/reviva-os-melhores-momentos-da-6-a-caminhada-solidaria-colorir\/","og_site_name":"Tintas 2000","article_published_time":"2025-09-26T08:54:52+00:00","article_modified_time":"2025-09-26T08:57:26+00:00","og_image":[{"width":1080,"height":1080,"url":"https:\/\/tintas2000.pt\/home\/wp-content\/uploads\/2025\/09\/Destaque_NoticiaCaminhada.jpg","type":"image\/jpeg"}],"author":"admin","twitter_card":"summary_large_image","twitter_misc":{"Escrito por":"admin"},"schema":{"@context":"https:\/\/schema.org","@graph":[{"@type":"Article","@id":"https:\/\/tintas2000.pt\/home\/reviva-os-melhores-momentos-da-6-a-caminhada-solidaria-colorir\/#article","isPartOf":{"@id":"https:\/\/tintas2000.pt\/home\/reviva-os-melhores-momentos-da-6-a-caminhada-solidaria-colorir\/"},"author":{"name":"admin","@id":"https:\/\/tintas2000.pt\/home\/#\/schema\/person\/5aad6d6a0baea05fb07e3f9f65c1bc96"},"headline":"Reviva os melhores momentos da 6.\u00aa Caminhada Solid\u00e1ria ColoRIR!","datePublished":"2025-09-26T08:54:52+00:00","dateModified":"2025-09-26T08:57:26+00:00","mainEntityOfPage":{"@id":"https:\/\/tintas2000.pt\/home\/reviva-os-melhores-momentos-da-6-a-caminhada-solidaria-colorir\/"},"wordCount":102,"commentCount":0,"image":{"@id":"https:\/\/tintas2000.pt\/home\/reviva-os-melhores-momentos-da-6-a-caminhada-solidaria-colorir\/#primaryimage"},"thumbnailUrl":"https:\/\/tintas2000.pt\/home\/wp-content\/uploads\/2025\/09\/Destaque_NoticiaCaminhada.jpg","articleSection":["EVENTOS"],"inLanguage":"pt-PT","potentialAction":[{"@type":"CommentAction","name":"Comment","target":["https:\/\/tintas2000.pt\/home\/reviva-os-melhores-momentos-da-6-a-caminhada-solidaria-colorir\/#respond"]}]},{"@type":"WebPage","@id":"https:\/\/tintas2000.pt\/home\/reviva-os-melhores-momentos-da-6-a-caminhada-solidaria-colorir\/","url":"https:\/\/tintas2000.pt\/home\/reviva-os-melhores-momentos-da-6-a-caminhada-solidaria-colorir\/","name":"Reviva os melhores momentos da 6.\u00aa Caminhada Solid\u00e1ria ColoRIR! - Tintas 2000","isPartOf":{"@id":"https:\/\/tintas2000.pt\/home\/#website"},"primaryImageOfPage":{"@id":"https:\/\/tintas2000.pt\/home\/reviva-os-melhores-momentos-da-6-a-caminhada-solidaria-colorir\/#primaryimage"},"image":{"@id":"https:\/\/tintas2000.pt\/home\/reviva-os-melhores-momentos-da-6-a-caminhada-solidaria-colorir\/#primaryimage"},"thumbnailUrl":"https:\/\/tintas2000.pt\/home\/wp-content\/uploads\/2025\/09\/Destaque_NoticiaCaminhada.jpg","datePublished":"2025-09-26T08:54:52+00:00","dateModified":"2025-09-26T08:57:26+00:00","author":{"@id":"https:\/\/tintas2000.pt\/home\/#\/schema\/person\/5aad6d6a0baea05fb07e3f9f65c1bc96"},"breadcrumb":{"@id":"https:\/\/tintas2000.pt\/home\/reviva-os-melhores-momentos-da-6-a-caminhada-solidaria-colorir\/#breadcrumb"},"inLanguage":"pt-PT","potentialAction":[{"@type":"ReadAction","target":["https:\/\/tintas2000.pt\/home\/reviva-os-melhores-momentos-da-6-a-caminhada-solidaria-colorir\/"]}]},{"@type":"ImageObject","inLanguage":"pt-PT","@id":"https:\/\/tintas2000.pt\/home\/reviva-os-melhores-momentos-da-6-a-caminhada-solidaria-colorir\/#primaryimage","url":"https:\/\/tintas2000.pt\/home\/wp-content\/uploads\/2025\/09\/Destaque_NoticiaCaminhada.jpg","contentUrl":"https:\/\/tintas2000.pt\/home\/wp-content\/uploads\/2025\/09\/Destaque_NoticiaCaminhada.jpg","width":1080,"height":1080},{"@type":"BreadcrumbList","@id":"https:\/\/tintas2000.pt\/home\/reviva-os-melhores-momentos-da-6-a-caminhada-solidaria-colorir\/#breadcrumb","itemListElement":[{"@type":"ListItem","position":1,"name":"In\u00edcio","item":"https:\/\/tintas2000.pt\/home\/"},{"@type":"ListItem","position":2,"name":"Reviva os melhores momentos da 6.\u00aa Caminhada Solid\u00e1ria ColoRIR!"}]},{"@type":"WebSite","@id":"https:\/\/tintas2000.pt\/home\/#website","url":"https:\/\/tintas2000.pt\/home\/","name":"Tintas 2000","description":"Tintas 2000","potentialAction":[{"@type":"SearchAction","target":{"@type":"EntryPoint","urlTemplate":"https:\/\/tintas2000.pt\/home\/?s={search_term_string}"},"query-input":{"@type":"PropertyValueSpecification","valueRequired":true,"valueName":"search_term_string"}}],"inLanguage":"pt-PT"},{"@type":"Person","@id":"https:\/\/tintas2000.pt\/home\/#\/schema\/person\/5aad6d6a0baea05fb07e3f9f65c1bc96","name":"admin","image":{"@type":"ImageObject","inLanguage":"pt-PT","@id":"https:\/\/secure.gravatar.com\/avatar\/43ffe3b38bf9518515f3705af7e6126679882412ae62aaa06d5dfc88b9700769?s=96&d=mm&r=g","url":"https:\/\/secure.gravatar.com\/avatar\/43ffe3b38bf9518515f3705af7e6126679882412ae62aaa06d5dfc88b9700769?s=96&d=mm&r=g","contentUrl":"https:\/\/secure.gravatar.com\/avatar\/43ffe3b38bf9518515f3705af7e6126679882412ae62aaa06d5dfc88b9700769?s=96&d=mm&r=g","caption":"admin"},"sameAs":["https:\/\/tintas2000.pt\/home"],"url":"https:\/\/tintas2000.pt\/home\/author\/admin\/"}]}},"_links":{"self":[{"href":"https:\/\/tintas2000.pt\/home\/wp-json\/wp\/v2\/posts\/45988","targetHints":{"allow":["GET"]}}],"collection":[{"href":"https:\/\/tintas2000.pt\/home\/wp-json\/wp\/v2\/posts"}],"about":[{"href":"https:\/\/tintas2000.pt\/home\/wp-json\/wp\/v2\/types\/post"}],"author":[{"embeddable":true,"href":"https:\/\/tintas2000.pt\/home\/wp-json\/wp\/v2\/users\/1"}],"replies":[{"embeddable":true,"href":"https:\/\/tintas2000.pt\/home\/wp-json\/wp\/v2\/comments?post=45988"}],"version-history":[{"count":1,"href":"https:\/\/tintas2000.pt\/home\/wp-json\/wp\/v2\/posts\/45988\/revisions"}],"predecessor-version":[{"id":45991,"href":"https:\/\/tintas2000.pt\/home\/wp-json\/wp\/v2\/posts\/45988\/revisions\/45991"}],"wp:featuredmedia":[{"embeddable":true,"href":"https:\/\/tintas2000.pt\/home\/wp-json\/wp\/v2\/media\/45990"}],"wp:attachment":[{"href":"https:\/\/tintas2000.pt\/home\/wp-json\/wp\/v2\/media?parent=45988"}],"wp:term":[{"taxonomy":"category","embeddable":true,"href":"https:\/\/tintas2000.pt\/home\/wp-json\/wp\/v2\/categories?post=45988"},{"taxonomy":"post_tag","embeddable":true,"href":"https:\/\/tintas2000.pt\/home\/wp-json\/wp\/v2\/tags?post=45988"}],"curies":[{"name":"wp","href":"https:\/\/api.w.org\/{rel}","templated":true}]}}